{"id":1893,"date":"2022-04-28T20:59:51","date_gmt":"2022-04-28T20:59:51","guid":{"rendered":"https:\/\/cigei.com\/?p=1893"},"modified":"2024-06-17T16:48:41","modified_gmt":"2024-06-17T16:48:41","slug":"evento-empresarial-tecnologia-alemana-para-el-medio-ambiente-mineria-y-energia-alemania-2019","status":"publish","type":"post","link":"https:\/\/cigei.com\/en\/evento-empresarial-tecnologia-alemana-para-el-medio-ambiente-mineria-y-energia-alemania-2019\/","title":{"rendered":"Business Event German Technology for the Environment, Mining and Energy Germany \u2013 2019"},"content":{"rendered":"","protected":false},"excerpt":{"rendered":"","protected":false},"author":1,"featured_media":1894,"comment_status":"closed","ping_status":"open","sticky":false,"template":"","format":"standard","meta":{"site-sidebar-layout":"default","site-content-layout":"","ast-site-content-layout":"default","site-content-style":"default","site-sidebar-style":"default","ast-global-header-display":"","ast-banner-title-visibility":"","ast-main-header-display":"","ast-hfb-above-header-display":"","ast-hfb-below-header-display":"","ast-hfb-mobile-header-display":"","site-post-title":"","ast-breadcrumbs-content":"","ast-featured-img":"disabled","footer-sml-layout":"","theme-transparent-header-meta":"","adv-header-id-meta":"","stick-header-meta":"","header-above-stick-meta":"","header-main-stick-meta":"","header-below-stick-meta":"","astra-migrate-meta-layouts":"set","ast-page-background-enabled":"default","ast-page-background-meta":{"desktop":{"background-color":"var(--ast-global-color-4)","background-image":"","background-repeat":"repeat","background-position":"center center","background-size":"auto","background-attachment":"scroll","background-type":"","background-media":"","overlay-type":"","overlay-color":"","overlay-opacity":"","overlay-gradient":""},"tablet":{"background-color":"","background-image":"","background-repeat":"repeat","background-position":"center center","background-size":"auto","background-attachment":"scroll","background-type":"","background-media":"","overlay-type":"","overlay-color":"","overlay-opacity":"","overlay-gradient":""},"mobile":{"background-color":"","background-image":"","background-repeat":"repeat","background-position":"center center","background-size":"auto","background-attachment":"scroll","background-type":"","background-media":"","overlay-type":"","overlay-color":"","overlay-opacity":"","overlay-gradient":""}},"ast-content-background-meta":{"desktop":{"background-color":"var(--ast-global-color-5)","background-image":"","background-repeat":"repeat","background-position":"center center","background-size":"auto","background-attachment":"scroll","background-type":"","background-media":"","overlay-type":"","overlay-color":"","overlay-opacity":"","overlay-gradient":""},"tablet":{"background-color":"var(--ast-global-color-5)","background-image":"","background-repeat":"repeat","background-position":"center center","background-size":"auto","background-attachment":"scroll","background-type":"","background-media":"","overlay-type":"","overlay-color":"","overlay-opacity":"","overlay-gradient":""},"mobile":{"background-color":"var(--ast-global-color-5)","background-image":"","background-repeat":"repeat","background-position":"center center","background-size":"auto","background-attachment":"scroll","background-type":"","background-media":"","overlay-type":"","overlay-color":"","overlay-opacity":"","overlay-gradient":""}},"_joinchat":{"telephone":"+51998880592"},"footnotes":""},"categories":[16],"tags":[15,6],"class_list":["post-1893","post","type-post","status-publish","format-standard","has-post-thumbnail","hentry","category-eventos","tag-medio-ambiente","tag-mineria"],"yoast_head":"<!-- This site is optimized with the Yoast SEO plugin v25.8 - https:\/\/yoast.com\/wordpress\/plugins\/seo\/ -->\n<title>Evento Empresarial Tecnolog\u00eda Alemana para el Medio Ambiente, Miner\u00eda y Energ\u00eda Alemania - 2019 - CIGEI SAC<\/title>\n<meta name=\"robots\" content=\"index, follow, max-snippet:-1, max-image-preview:large, max-video-preview:-1\" \/>\n<link rel=\"canonical\" href=\"https:\/\/cigei.com\/en\/evento-empresarial-tecnologia-alemana-para-el-medio-ambiente-mineria-y-energia-alemania-2019\/\" \/>\n<meta property=\"og:locale\" content=\"en_US\" \/>\n<meta property=\"og:type\" content=\"article\" \/>\n<meta property=\"og:title\" content=\"Evento Empresarial Tecnolog\u00eda Alemana para el Medio Ambiente, Miner\u00eda y Energ\u00eda Alemania - 2019 - CIGEI SAC\" \/>\n<meta property=\"og:url\" content=\"https:\/\/cigei.com\/en\/evento-empresarial-tecnologia-alemana-para-el-medio-ambiente-mineria-y-energia-alemania-2019\/\" \/>\n<meta property=\"og:site_name\" content=\"CIGEI SAC\" \/>\n<meta property=\"article:published_time\" content=\"2022-04-28T20:59:51+00:00\" \/>\n<meta property=\"article:modified_time\" content=\"2024-06-17T16:48:41+00:00\" \/>\n<meta property=\"og:image\" content=\"https:\/\/cigei.com\/wp-content\/uploads\/2022\/04\/SEMINARIO-PERUANO-ALEMAN.jpg\" \/>\n\t<meta property=\"og:image:width\" content=\"1280\" \/>\n\t<meta property=\"og:image:height\" content=\"720\" \/>\n\t<meta property=\"og:image:type\" content=\"image\/jpeg\" \/>\n<meta name=\"author\" content=\"CIGEI web\" \/>\n<meta name=\"twitter:card\" content=\"summary_large_image\" \/>\n<meta name=\"twitter:label1\" content=\"Written by\" \/>\n\t<meta name=\"twitter:data1\" content=\"CIGEI web\" \/>\n\t<meta name=\"twitter:label2\" content=\"Est. reading time\" \/>\n\t<meta name=\"twitter:data2\" content=\"1 minute\" \/>\n<script type=\"application\/ld+json\" class=\"yoast-schema-graph\">{\"@context\":\"https:\/\/schema.org\",\"@graph\":[{\"@type\":\"Article\",\"@id\":\"https:\/\/cigei.com\/evento-empresarial-tecnologia-alemana-para-el-medio-ambiente-mineria-y-energia-alemania-2019\/#article\",\"isPartOf\":{\"@id\":\"https:\/\/cigei.com\/evento-empresarial-tecnologia-alemana-para-el-medio-ambiente-mineria-y-energia-alemania-2019\/\"},\"author\":{\"name\":\"CIGEI web\",\"@id\":\"https:\/\/cigei.com\/#\/schema\/person\/40c2547ddd0d2b9d4f33e943d89e6295\"},\"headline\":\"Evento Empresarial Tecnolog\u00eda Alemana para el Medio Ambiente, Miner\u00eda y Energ\u00eda Alemania &#8211; 2019\",\"datePublished\":\"2022-04-28T20:59:51+00:00\",\"dateModified\":\"2024-06-17T16:48:41+00:00\",\"mainEntityOfPage\":{\"@id\":\"https:\/\/cigei.com\/evento-empresarial-tecnologia-alemana-para-el-medio-ambiente-mineria-y-energia-alemania-2019\/\"},\"wordCount\":16,\"publisher\":{\"@id\":\"https:\/\/cigei.com\/#organization\"},\"image\":{\"@id\":\"https:\/\/cigei.com\/evento-empresarial-tecnologia-alemana-para-el-medio-ambiente-mineria-y-energia-alemania-2019\/#primaryimage\"},\"thumbnailUrl\":\"https:\/\/cigei.com\/wp-content\/uploads\/2022\/04\/SEMINARIO-PERUANO-ALEMAN.jpg\",\"keywords\":[\"medio ambiente\",\"miner\u00eda\"],\"articleSection\":[\"Eventos\"],\"inLanguage\":\"en-US\"},{\"@type\":\"WebPage\",\"@id\":\"https:\/\/cigei.com\/evento-empresarial-tecnologia-alemana-para-el-medio-ambiente-mineria-y-energia-alemania-2019\/\",\"url\":\"https:\/\/cigei.com\/evento-empresarial-tecnologia-alemana-para-el-medio-ambiente-mineria-y-energia-alemania-2019\/\",\"name\":\"Evento Empresarial Tecnolog\u00eda Alemana para el Medio Ambiente, Miner\u00eda y Energ\u00eda Alemania - 2019 - CIGEI SAC\",\"isPartOf\":{\"@id\":\"https:\/\/cigei.com\/#website\"},\"primaryImageOfPage\":{\"@id\":\"https:\/\/cigei.com\/evento-empresarial-tecnologia-alemana-para-el-medio-ambiente-mineria-y-energia-alemania-2019\/#primaryimage\"},\"image\":{\"@id\":\"https:\/\/cigei.com\/evento-empresarial-tecnologia-alemana-para-el-medio-ambiente-mineria-y-energia-alemania-2019\/#primaryimage\"},\"thumbnailUrl\":\"https:\/\/cigei.com\/wp-content\/uploads\/2022\/04\/SEMINARIO-PERUANO-ALEMAN.jpg\",\"datePublished\":\"2022-04-28T20:59:51+00:00\",\"dateModified\":\"2024-06-17T16:48:41+00:00\",\"breadcrumb\":{\"@id\":\"https:\/\/cigei.com\/evento-empresarial-tecnologia-alemana-para-el-medio-ambiente-mineria-y-energia-alemania-2019\/#breadcrumb\"},\"inLanguage\":\"en-US\",\"potentialAction\":[{\"@type\":\"ReadAction\",\"target\":[\"https:\/\/cigei.com\/evento-empresarial-tecnologia-alemana-para-el-medio-ambiente-mineria-y-energia-alemania-2019\/\"]}]},{\"@type\":\"ImageObject\",\"inLanguage\":\"en-US\",\"@id\":\"https:\/\/cigei.com\/evento-empresarial-tecnologia-alemana-para-el-medio-ambiente-mineria-y-energia-alemania-2019\/#primaryimage\",\"url\":\"https:\/\/cigei.com\/wp-content\/uploads\/2022\/04\/SEMINARIO-PERUANO-ALEMAN.jpg\",\"contentUrl\":\"https:\/\/cigei.com\/wp-content\/uploads\/2022\/04\/SEMINARIO-PERUANO-ALEMAN.jpg\",\"width\":1280,\"height\":720},{\"@type\":\"BreadcrumbList\",\"@id\":\"https:\/\/cigei.com\/evento-empresarial-tecnologia-alemana-para-el-medio-ambiente-mineria-y-energia-alemania-2019\/#breadcrumb\",\"itemListElement\":[{\"@type\":\"ListItem\",\"position\":1,\"name\":\"Home\",\"item\":\"https:\/\/cigei.com\/\"},{\"@type\":\"ListItem\",\"position\":2,\"name\":\"Evento Empresarial Tecnolog\u00eda Alemana para el Medio Ambiente, Miner\u00eda y Energ\u00eda Alemania &#8211; 2019\"}]},{\"@type\":\"WebSite\",\"@id\":\"https:\/\/cigei.com\/#website\",\"url\":\"https:\/\/cigei.com\/\",\"name\":\"CIGEI SAC\",\"description\":\"Filtros Prensa y Tratamiento de Aguas\",\"publisher\":{\"@id\":\"https:\/\/cigei.com\/#organization\"},\"alternateName\":\"CIGEI SAC\",\"potentialAction\":[{\"@type\":\"SearchAction\",\"target\":{\"@type\":\"EntryPoint\",\"urlTemplate\":\"https:\/\/cigei.com\/?s={search_term_string}\"},\"query-input\":{\"@type\":\"PropertyValueSpecification\",\"valueRequired\":true,\"valueName\":\"search_term_string\"}}],\"inLanguage\":\"en-US\"},{\"@type\":\"Organization\",\"@id\":\"https:\/\/cigei.com\/#organization\",\"name\":\"CIGEI SAC\",\"alternateName\":\"CIGEI SAC\",\"url\":\"https:\/\/cigei.com\/\",\"logo\":{\"@type\":\"ImageObject\",\"inLanguage\":\"en-US\",\"@id\":\"https:\/\/cigei.com\/#\/schema\/logo\/image\/\",\"url\":\"https:\/\/cigei.com\/wp-content\/uploads\/2022\/03\/cropped-LOGO-CIGEI-1.png\",\"contentUrl\":\"https:\/\/cigei.com\/wp-content\/uploads\/2022\/03\/cropped-LOGO-CIGEI-1.png\",\"width\":972,\"height\":422,\"caption\":\"CIGEI SAC\"},\"image\":{\"@id\":\"https:\/\/cigei.com\/#\/schema\/logo\/image\/\"}},{\"@type\":\"Person\",\"@id\":\"https:\/\/cigei.com\/#\/schema\/person\/40c2547ddd0d2b9d4f33e943d89e6295\",\"name\":\"CIGEI web\",\"image\":{\"@type\":\"ImageObject\",\"inLanguage\":\"en-US\",\"@id\":\"https:\/\/cigei.com\/#\/schema\/person\/image\/\",\"url\":\"https:\/\/secure.gravatar.com\/avatar\/4d730b0214b9a938889d23ede3bcafd66b8f2d013bb4318031e750586d42d5fb?s=96&d=mm&r=g\",\"contentUrl\":\"https:\/\/secure.gravatar.com\/avatar\/4d730b0214b9a938889d23ede3bcafd66b8f2d013bb4318031e750586d42d5fb?s=96&d=mm&r=g\",\"caption\":\"CIGEI web\"},\"sameAs\":[\"https:\/\/cigei.com\"],\"url\":\"https:\/\/cigei.com\/en\/author\/cigei\/\"}]}<\/script>\n<!-- \/ Yoast SEO plugin. -->","yoast_head_json":{"title":"Evento Empresarial Tecnolog\u00eda Alemana para el Medio Ambiente, Miner\u00eda y Energ\u00eda Alemania - 2019 - CIGEI SAC","robots":{"index":"index","follow":"follow","max-snippet":"max-snippet:-1","max-image-preview":"max-image-preview:large","max-video-preview":"max-video-preview:-1"},"canonical":"https:\/\/cigei.com\/en\/evento-empresarial-tecnologia-alemana-para-el-medio-ambiente-mineria-y-energia-alemania-2019\/","og_locale":"en_US","og_type":"article","og_title":"Evento Empresarial Tecnolog\u00eda Alemana para el Medio Ambiente, Miner\u00eda y Energ\u00eda Alemania - 2019 - CIGEI SAC","og_url":"https:\/\/cigei.com\/en\/evento-empresarial-tecnologia-alemana-para-el-medio-ambiente-mineria-y-energia-alemania-2019\/","og_site_name":"CIGEI SAC","article_published_time":"2022-04-28T20:59:51+00:00","article_modified_time":"2024-06-17T16:48:41+00:00","og_image":[{"width":1280,"height":720,"url":"https:\/\/cigei.com\/wp-content\/uploads\/2022\/04\/SEMINARIO-PERUANO-ALEMAN.jpg","type":"image\/jpeg"}],"author":"CIGEI web","twitter_card":"summary_large_image","twitter_misc":{"Written by":"CIGEI web","Est. reading time":"1 minute"},"schema":{"@context":"https:\/\/schema.org","@graph":[{"@type":"Article","@id":"https:\/\/cigei.com\/evento-empresarial-tecnologia-alemana-para-el-medio-ambiente-mineria-y-energia-alemania-2019\/#article","isPartOf":{"@id":"https:\/\/cigei.com\/evento-empresarial-tecnologia-alemana-para-el-medio-ambiente-mineria-y-energia-alemania-2019\/"},"author":{"name":"CIGEI web","@id":"https:\/\/cigei.com\/#\/schema\/person\/40c2547ddd0d2b9d4f33e943d89e6295"},"headline":"Evento Empresarial Tecnolog\u00eda Alemana para el Medio Ambiente, Miner\u00eda y Energ\u00eda Alemania &#8211; 2019","datePublished":"2022-04-28T20:59:51+00:00","dateModified":"2024-06-17T16:48:41+00:00","mainEntityOfPage":{"@id":"https:\/\/cigei.com\/evento-empresarial-tecnologia-alemana-para-el-medio-ambiente-mineria-y-energia-alemania-2019\/"},"wordCount":16,"publisher":{"@id":"https:\/\/cigei.com\/#organization"},"image":{"@id":"https:\/\/cigei.com\/evento-empresarial-tecnologia-alemana-para-el-medio-ambiente-mineria-y-energia-alemania-2019\/#primaryimage"},"thumbnailUrl":"https:\/\/cigei.com\/wp-content\/uploads\/2022\/04\/SEMINARIO-PERUANO-ALEMAN.jpg","keywords":["medio ambiente","miner\u00eda"],"articleSection":["Eventos"],"inLanguage":"en-US"},{"@type":"WebPage","@id":"https:\/\/cigei.com\/evento-empresarial-tecnologia-alemana-para-el-medio-ambiente-mineria-y-energia-alemania-2019\/","url":"https:\/\/cigei.com\/evento-empresarial-tecnologia-alemana-para-el-medio-ambiente-mineria-y-energia-alemania-2019\/","name":"Evento Empresarial Tecnolog\u00eda Alemana para el Medio Ambiente, Miner\u00eda y Energ\u00eda Alemania - 2019 - CIGEI SAC","isPartOf":{"@id":"https:\/\/cigei.com\/#website"},"primaryImageOfPage":{"@id":"https:\/\/cigei.com\/evento-empresarial-tecnologia-alemana-para-el-medio-ambiente-mineria-y-energia-alemania-2019\/#primaryimage"},"image":{"@id":"https:\/\/cigei.com\/evento-empresarial-tecnologia-alemana-para-el-medio-ambiente-mineria-y-energia-alemania-2019\/#primaryimage"},"thumbnailUrl":"https:\/\/cigei.com\/wp-content\/uploads\/2022\/04\/SEMINARIO-PERUANO-ALEMAN.jpg","datePublished":"2022-04-28T20:59:51+00:00","dateModified":"2024-06-17T16:48:41+00:00","breadcrumb":{"@id":"https:\/\/cigei.com\/evento-empresarial-tecnologia-alemana-para-el-medio-ambiente-mineria-y-energia-alemania-2019\/#breadcrumb"},"inLanguage":"en-US","potentialAction":[{"@type":"ReadAction","target":["https:\/\/cigei.com\/evento-empresarial-tecnologia-alemana-para-el-medio-ambiente-mineria-y-energia-alemania-2019\/"]}]},{"@type":"ImageObject","inLanguage":"en-US","@id":"https:\/\/cigei.com\/evento-empresarial-tecnologia-alemana-para-el-medio-ambiente-mineria-y-energia-alemania-2019\/#primaryimage","url":"https:\/\/cigei.com\/wp-content\/uploads\/2022\/04\/SEMINARIO-PERUANO-ALEMAN.jpg","contentUrl":"https:\/\/cigei.com\/wp-content\/uploads\/2022\/04\/SEMINARIO-PERUANO-ALEMAN.jpg","width":1280,"height":720},{"@type":"BreadcrumbList","@id":"https:\/\/cigei.com\/evento-empresarial-tecnologia-alemana-para-el-medio-ambiente-mineria-y-energia-alemania-2019\/#breadcrumb","itemListElement":[{"@type":"ListItem","position":1,"name":"Home","item":"https:\/\/cigei.com\/"},{"@type":"ListItem","position":2,"name":"Evento Empresarial Tecnolog\u00eda Alemana para el Medio Ambiente, Miner\u00eda y Energ\u00eda Alemania &#8211; 2019"}]},{"@type":"WebSite","@id":"https:\/\/cigei.com\/#website","url":"https:\/\/cigei.com\/","name":"CIGEI SAC","description":"Filtros Prensa y Tratamiento de Aguas","publisher":{"@id":"https:\/\/cigei.com\/#organization"},"alternateName":"CIGEI SAC","potentialAction":[{"@type":"SearchAction","target":{"@type":"EntryPoint","urlTemplate":"https:\/\/cigei.com\/?s={search_term_string}"},"query-input":{"@type":"PropertyValueSpecification","valueRequired":true,"valueName":"search_term_string"}}],"inLanguage":"en-US"},{"@type":"Organization","@id":"https:\/\/cigei.com\/#organization","name":"CIGEI SAC","alternateName":"CIGEI SAC","url":"https:\/\/cigei.com\/","logo":{"@type":"ImageObject","inLanguage":"en-US","@id":"https:\/\/cigei.com\/#\/schema\/logo\/image\/","url":"https:\/\/cigei.com\/wp-content\/uploads\/2022\/03\/cropped-LOGO-CIGEI-1.png","contentUrl":"https:\/\/cigei.com\/wp-content\/uploads\/2022\/03\/cropped-LOGO-CIGEI-1.png","width":972,"height":422,"caption":"CIGEI SAC"},"image":{"@id":"https:\/\/cigei.com\/#\/schema\/logo\/image\/"}},{"@type":"Person","@id":"https:\/\/cigei.com\/#\/schema\/person\/40c2547ddd0d2b9d4f33e943d89e6295","name":"CIGEI web","image":{"@type":"ImageObject","inLanguage":"en-US","@id":"https:\/\/cigei.com\/#\/schema\/person\/image\/","url":"https:\/\/secure.gravatar.com\/avatar\/4d730b0214b9a938889d23ede3bcafd66b8f2d013bb4318031e750586d42d5fb?s=96&d=mm&r=g","contentUrl":"https:\/\/secure.gravatar.com\/avatar\/4d730b0214b9a938889d23ede3bcafd66b8f2d013bb4318031e750586d42d5fb?s=96&d=mm&r=g","caption":"CIGEI web"},"sameAs":["https:\/\/cigei.com"],"url":"https:\/\/cigei.com\/en\/author\/cigei\/"}]}},"_links":{"self":[{"href":"https:\/\/cigei.com\/en\/wp-json\/wp\/v2\/posts\/1893","targetHints":{"allow":["GET"]}}],"collection":[{"href":"https:\/\/cigei.com\/en\/wp-json\/wp\/v2\/posts"}],"about":[{"href":"https:\/\/cigei.com\/en\/wp-json\/wp\/v2\/types\/post"}],"author":[{"embeddable":true,"href":"https:\/\/cigei.com\/en\/wp-json\/wp\/v2\/users\/1"}],"replies":[{"embeddable":true,"href":"https:\/\/cigei.com\/en\/wp-json\/wp\/v2\/comments?post=1893"}],"version-history":[{"count":3,"href":"https:\/\/cigei.com\/en\/wp-json\/wp\/v2\/posts\/1893\/revisions"}],"predecessor-version":[{"id":3790,"href":"https:\/\/cigei.com\/en\/wp-json\/wp\/v2\/posts\/1893\/revisions\/3790"}],"wp:featuredmedia":[{"embeddable":true,"href":"https:\/\/cigei.com\/en\/wp-json\/wp\/v2\/media\/1894"}],"wp:attachment":[{"href":"https:\/\/cigei.com\/en\/wp-json\/wp\/v2\/media?parent=1893"}],"wp:term":[{"taxonomy":"category","embeddable":true,"href":"https:\/\/cigei.com\/en\/wp-json\/wp\/v2\/categories?post=1893"},{"taxonomy":"post_tag","embeddable":true,"href":"https:\/\/cigei.com\/en\/wp-json\/wp\/v2\/tags?post=1893"}],"curies":[{"name":"wp","href":"https:\/\/api.w.org\/{rel}","templated":true}]}}